{"id":7254,"date":"2018-10-31T09:00:53","date_gmt":"2018-10-31T00:00:53","guid":{"rendered":"https:\/\/zahnggiljah.com\/news\/2018-save-the-world\/"},"modified":"2024-06-20T09:50:30","modified_gmt":"2024-06-20T00:50:30","slug":"2018-save-the-world","status":"publish","type":"news","link":"https:\/\/zahnggiljah.com\/de\/news\/2018-save-the-world\/","title":{"rendered":"Das globale Forum \u201eSave the World\u201c 2018"},"content":{"rendered":"<p>Das globale Forum \u201eSave the World\u201c 2018 fand am 31. Oktober im \u201eSongdo Convensia\u201c in Incheon statt. Es nahmen rund 500 Personen, darunter H.E. Adele Mohammad Adaileh, der jordanische Botschafter in Korea, ausl\u00e4ndische Diplomaten aus den Botschaften des Irak, von Vietnam, Laos und Bangladesch und Personen aus internationalen Organisationen und NGOs sowie Vertreter aus Politik, Wirtschaft, Wissenschaft, Recht und Medizin aus verschiedenen L\u00e4ndern an dem von der Internationalen \u201eWeLoveU\u201c-Stiftung veranstalteten globalen Forum \u201eSave the World\u201c teil. <\/p>\n<figure>\n<picture class=\"copyright\">\n<img loading=\"lazy\" decoding=\"async\" src=\"http:\/\/zahnggiljah.com\/wp-content\/uploads\/2018\/10\/news_2018_forum02@2x.jpg\" alt=\"\" width=\"1960\" height=\"1100\" class=\"alignnone size-full wp-image-297\" srcset=\"https:\/\/zahnggiljah.com\/wp-content\/uploads\/2018\/10\/news_2018_forum02@2x.jpg 1960w, https:\/\/zahnggiljah.com\/wp-content\/uploads\/2018\/10\/news_2018_forum02@2x-768x431.jpg 768w, https:\/\/zahnggiljah.com\/wp-content\/uploads\/2018\/10\/news_2018_forum02@2x-1536x862.jpg 1536w, https:\/\/zahnggiljah.com\/wp-content\/uploads\/2018\/10\/news_2018_forum02@2x-860x483.jpg 860w\" sizes=\"auto, (max-width: 1960px) 100vw, 1960px\" \/>\n<\/picture>\n<\/figure>\n<h2>Das globale Forum \u201eSave the World\u201c: eine Gelegenheit zur Diskussion \u00fcber Nothilfen<\/h2>\n<p>Das globale Forum \u201eSave the World\u201c ist eine Veranstaltung, bei der es darum geht, praktische Wege daf\u00fcr zu finden, Nachbarn in dem globalen Dorf zu helfen, die unter Kriegen, Katastrophen und dem Klimawandel leiden. In diesem Jahr wurde eingehend das Thema der Nothilfen f\u00fcr Fl\u00fcchtlinge er\u00f6rtert. Dar\u00fcber hinaus suchten die Teilnehmer nach konkreten M\u00f6glichkeiten f\u00fcr Aktionspl\u00e4ne f\u00fcr Nothilfen und nach der Rolle von NGOs und versuchten, nachhaltige Partnerschaften zwischen internationalen Organisationen, Regierungen und Organisationen der Zivilgesellschaft aufzubauen.<\/p>\n<p>Die Vorsitzende Zahng Gil-jah erkl\u00e4rte in ihrer Er\u00f6ffnungsrede den Zweck des globalen Forums \u201eSave the World\u201c wie folgt: \u201eUm internationale Probleme wie den Klimawandel, Konflikte, Armut, Krankheiten, die Sorge um die Artenvielfalt usw. zu l\u00f6sen, m\u00fcssen wir alle in dem globalen Dorf, angefangen bei Einzelpersonen, auf lokaler, nationaler und globaler Ebene zusammenarbeiten. Deshalb haben wir dieses Forum vorbereitet, um das Interesse f\u00fcr die Ziele f\u00fcr eine nachhaltige Entwicklung (Sustainable Development Goals, SDGs) der Vereinten Nationen zu f\u00f6rdern, die gemeinsame Ziele der internationalen Gemeinschaft sind, und um ihre Umsetzung in Gang zu bringen.\u201c <\/p>\n<figure>\n<picture class=\"copyright\">\n<img loading=\"lazy\" decoding=\"async\" src=\"http:\/\/zahnggiljah.com\/wp-content\/uploads\/2018\/10\/news_2018_forum03@2x.jpg\" alt=\"\" width=\"1960\" height=\"1010\" class=\"alignnone size-full wp-image-299\" srcset=\"https:\/\/zahnggiljah.com\/wp-content\/uploads\/2018\/10\/news_2018_forum03@2x.jpg 1960w, https:\/\/zahnggiljah.com\/wp-content\/uploads\/2018\/10\/news_2018_forum03@2x-768x396.jpg 768w, https:\/\/zahnggiljah.com\/wp-content\/uploads\/2018\/10\/news_2018_forum03@2x-1536x792.jpg 1536w, https:\/\/zahnggiljah.com\/wp-content\/uploads\/2018\/10\/news_2018_forum03@2x-860x443.jpg 860w\" sizes=\"auto, (max-width: 1960px) 100vw, 1960px\" \/>\n<\/picture>\n<\/figure>\n<h2>\u201eSave the World\u201c, die Notwendigkeit der Zusammenarbeit zur Rettung der Welt<\/h2>\n<p>Die Redner auf dem globalen Forum \u201eSave the World\u201c 2018 waren Kim Ock-hyeon, Vizepr\u00e4sident des koreanischen Komitees der \u201e<a href=\"https:\/\/www.iucn.org\">International Union for Conservation of Nature (IUCN)<\/a>\u201c, Paul Wilcox, Direktor f\u00fcr Russland und die Mongolei des US-Pazifikkommandos, Ahmed Mushrif Abdul-hameed, Pr\u00e4sident der \u201e<a href=\"https:\/\/uimsiraq.org\/\">United Iraqi Medical Society (UIMS)<\/a>\u201c, Ayman Riyadh Al Mufleh, Generalsekret\u00e4r der \u201e<a href=\"https:\/\/jhco.org.jo\/\">Jordan Hashemite Charity Organization (JHCO)<\/a>\u201c und Kim Joo-cheol, stellvertretender Vorsitzender der Internationalen \u201eWeLoveU\u201c-Stiftung. <\/p>\n<p>Sie alle wiesen darauf hin, dass Naturkatastrophen und vom Menschen verursachte Katastrophen, wie \u00dcberschwemmungen, D\u00fcrren, Taifune, Vulkanausbr\u00fcche, Erdbeben usw. \u00fcberall auf der Welt zunehmen. Dementsprechend werden Nothilfen immer wichtiger und sie betonten die Notwendigkeit, Partnerschaften und Netzwerke zwischen Regierungen und NGOs aufzubauen, um den N\u00e4chsten in dem globalen Dorf und Fl\u00fcchtlingen zu helfen. Die Teilnehmer lauschten den Vortr\u00e4gen, nickten zustimmend mit dem Kopf und dachten gemeinsam \u00fcber Nothilfema\u00dfnahmen nach, die in einer Situation, in der Katastrophen rasch zunehmen, umgehend in die Tat umgesetzt werden k\u00f6nnen.<\/p>\n<h2>Vereinbarungen mit \u201eJHCO\u201c und \u201eUIMS\u201c<\/h2>\n<figure>\n<picture class=\"copyright\">\n<img loading=\"lazy\" decoding=\"async\" src=\"http:\/\/zahnggiljah.com\/wp-content\/uploads\/2018\/10\/news_2018_forum04@2x.jpg\" alt=\"\" width=\"1960\" height=\"1100\" class=\"alignnone size-full wp-image-300\" srcset=\"https:\/\/zahnggiljah.com\/wp-content\/uploads\/2018\/10\/news_2018_forum04@2x.jpg 1960w, https:\/\/zahnggiljah.com\/wp-content\/uploads\/2018\/10\/news_2018_forum04@2x-768x431.jpg 768w, https:\/\/zahnggiljah.com\/wp-content\/uploads\/2018\/10\/news_2018_forum04@2x-1536x862.jpg 1536w, https:\/\/zahnggiljah.com\/wp-content\/uploads\/2018\/10\/news_2018_forum04@2x-860x483.jpg 860w\" sizes=\"auto, (max-width: 1960px) 100vw, 1960px\" \/>\n<\/picture>\n<\/figure>\n<p>An diesem Tag unterzeichnete die \u201eWeLoveU\u201c-Stiftung eine Vereinbarung (MOU) mit der \u201eUnited Iraqi Medical Society (UIMS)\u201c und der \u201eJordanian Hashemite Charity Organization (JHCO)\u201c. Die drei Organisationen verpflichteten sich zur Zusammenarbeit und zum Aufbau eines Netzwerks f\u00fcr humanit\u00e4re Hilfen. H.E. Adel Mohammad Adaileh, der jordanische Botschafter, erkl\u00e4rte die Bedeutung der Veranstaltung wie folgt:<\/p>\n<blockquote>\n<p>Nothilfen sind nicht mehr auf Einzelpersonen oder L\u00e4nder beschr\u00e4nkt, sondern erfordern die sorgf\u00e4ltige Aufmerksamkeit und Partnerschaft der internationalen Gemeinschaft. In diesem Sinne betont das von der Internationalen \u201eWeLoveU\u201c-Stiftung veranstaltete globale Forum \u201eSave the World\u201c nicht nur die Bedeutung globaler Partnerschaften f\u00fcr Nothilfen, sondern tr\u00e4gt auch dazu bei, globale Probleme auf der Grundlage von Zusammenarbeit zu l\u00f6sen.<\/p>\n<\/blockquote>\n<p>Die \u201eWeLoveU\u201c-Stiftung hat mit verschiedenen humanit\u00e4ren Hilfsaktionen schnelle und praktische Hilfe f\u00fcr die N\u00e4chsten in dem globalen Dorf geleistet. Durch das globale Forum \u201eSave the World\u201c wird die \u201eWeLoveU\u201c-Stiftung den Umfang der Zusammenarbeit bei Nothilfen erweitern und noch aktiver Hilfsma\u00dfnahmen f\u00fcr von Katastrophen Betroffene durchf\u00fchren.<\/p>\n","protected":false},"featured_media":7256,"template":"","format":"standard","meta":{"footnotes":""},"categories":[119],"tags":[],"class_list":["post-7254","news","type-news","status-publish","format-standard","has-post-thumbnail","hentry","category-unkategorisiert"],"yoast_head":"<!-- This site is optimized with the Yoast SEO plugin v25.1 - https:\/\/yoast.com\/wordpress\/plugins\/seo\/ -->\n<title>Das globale Forum \u201eSave the World\u201c 2018 - Ehrenvorsitzende Zahng Gil-jah<\/title>\n<meta name=\"robots\" content=\"index, follow, max-snippet:-1, max-image-preview:large, max-video-preview:-1\" \/>\n<link rel=\"canonical\" href=\"https:\/\/zahnggiljah.com\/de\/news\/2018-save-the-world\/\" \/>\n<meta property=\"og:locale\" content=\"de_DE\" \/>\n<meta property=\"og:type\" content=\"article\" \/>\n<meta property=\"og:title\" content=\"Das globale Forum \u201eSave the World\u201c 2018 - Ehrenvorsitzende Zahng Gil-jah\" \/>\n<meta property=\"og:description\" content=\"Das globale Forum \u201eSave the World\u201c 2018 fand am 31. Oktober im \u201eSongdo Convensia\u201c in Incheon statt. Es nahmen rund 500 Personen, darunter H.E. Adele Mohammad Adaileh, der jordanische Botschafter in Korea, ausl\u00e4ndische Diplomaten aus den Botschaften des Irak, von Vietnam, Laos und Bangladesch und Personen aus internationalen Organisationen und NGOs sowie Vertreter aus Politik,...\" \/>\n<meta property=\"og:url\" content=\"https:\/\/zahnggiljah.com\/de\/news\/2018-save-the-world\/\" \/>\n<meta property=\"og:site_name\" content=\"Ehrenvorsitzende Zahng Gil-jah\" \/>\n<meta property=\"article:modified_time\" content=\"2024-06-20T00:50:30+00:00\" \/>\n<meta property=\"og:image\" content=\"https:\/\/zahnggiljah.com\/wp-content\/uploads\/2018\/10\/news_2018_forum01@2x-scaled.jpg\" \/>\n\t<meta property=\"og:image:width\" content=\"2560\" \/>\n\t<meta property=\"og:image:height\" content=\"1600\" \/>\n\t<meta property=\"og:image:type\" content=\"image\/jpeg\" \/>\n<meta name=\"twitter:card\" content=\"summary_large_image\" \/>\n<script type=\"application\/ld+json\" class=\"yoast-schema-graph\">{\"@context\":\"https:\/\/schema.org\",\"@graph\":[{\"@type\":\"WebPage\",\"@id\":\"https:\/\/zahnggiljah.com\/de\/news\/2018-save-the-world\/\",\"url\":\"https:\/\/zahnggiljah.com\/de\/news\/2018-save-the-world\/\",\"name\":\"Das globale Forum \u201eSave the World\u201c 2018 - Ehrenvorsitzende Zahng Gil-jah\",\"isPartOf\":{\"@id\":\"https:\/\/zahnggiljah.com\/de\/#website\"},\"primaryImageOfPage\":{\"@id\":\"https:\/\/zahnggiljah.com\/de\/news\/2018-save-the-world\/#primaryimage\"},\"image\":{\"@id\":\"https:\/\/zahnggiljah.com\/de\/news\/2018-save-the-world\/#primaryimage\"},\"thumbnailUrl\":\"https:\/\/zahnggiljah.com\/wp-content\/uploads\/2018\/10\/news_2018_forum01@2x-scaled.jpg\",\"datePublished\":\"2018-10-31T00:00:53+00:00\",\"dateModified\":\"2024-06-20T00:50:30+00:00\",\"breadcrumb\":{\"@id\":\"https:\/\/zahnggiljah.com\/de\/news\/2018-save-the-world\/#breadcrumb\"},\"inLanguage\":\"de\",\"potentialAction\":[{\"@type\":\"ReadAction\",\"target\":[\"https:\/\/zahnggiljah.com\/de\/news\/2018-save-the-world\/\"]}]},{\"@type\":\"ImageObject\",\"inLanguage\":\"de\",\"@id\":\"https:\/\/zahnggiljah.com\/de\/news\/2018-save-the-world\/#primaryimage\",\"url\":\"https:\/\/zahnggiljah.com\/wp-content\/uploads\/2018\/10\/news_2018_forum01@2x-scaled.jpg\",\"contentUrl\":\"https:\/\/zahnggiljah.com\/wp-content\/uploads\/2018\/10\/news_2018_forum01@2x-scaled.jpg\",\"width\":2560,\"height\":1600},{\"@type\":\"BreadcrumbList\",\"@id\":\"https:\/\/zahnggiljah.com\/de\/news\/2018-save-the-world\/#breadcrumb\",\"itemListElement\":[{\"@type\":\"ListItem\",\"position\":1,\"name\":\"Home\",\"item\":\"https:\/\/zahnggiljah.com\/de\/\"},{\"@type\":\"ListItem\",\"position\":2,\"name\":\"Das globale Forum \u201eSave the World\u201c 2018\"}]},{\"@type\":\"WebSite\",\"@id\":\"https:\/\/zahnggiljah.com\/de\/#website\",\"url\":\"https:\/\/zahnggiljah.com\/de\/\",\"name\":\"\uc7a5\uae38\uc790 \uba85\uc608\ud68c\uc7a5\",\"description\":\"\uacf5\uc2dd \uc6f9\uc0ac\uc774\ud2b8\",\"potentialAction\":[{\"@type\":\"SearchAction\",\"target\":{\"@type\":\"EntryPoint\",\"urlTemplate\":\"https:\/\/zahnggiljah.com\/de\/?s={search_term_string}\"},\"query-input\":{\"@type\":\"PropertyValueSpecification\",\"valueRequired\":true,\"valueName\":\"search_term_string\"}}],\"inLanguage\":\"de\"}]}<\/script>\n<!-- \/ Yoast SEO plugin. -->","yoast_head_json":{"title":"Das globale Forum \u201eSave the World\u201c 2018 - Ehrenvorsitzende Zahng Gil-jah","robots":{"index":"index","follow":"follow","max-snippet":"max-snippet:-1","max-image-preview":"max-image-preview:large","max-video-preview":"max-video-preview:-1"},"canonical":"https:\/\/zahnggiljah.com\/de\/news\/2018-save-the-world\/","og_locale":"de_DE","og_type":"article","og_title":"Das globale Forum \u201eSave the World\u201c 2018 - Ehrenvorsitzende Zahng Gil-jah","og_description":"Das globale Forum \u201eSave the World\u201c 2018 fand am 31. Oktober im \u201eSongdo Convensia\u201c in Incheon statt. Es nahmen rund 500 Personen, darunter H.E. Adele Mohammad Adaileh, der jordanische Botschafter in Korea, ausl\u00e4ndische Diplomaten aus den Botschaften des Irak, von Vietnam, Laos und Bangladesch und Personen aus internationalen Organisationen und NGOs sowie Vertreter aus Politik,...","og_url":"https:\/\/zahnggiljah.com\/de\/news\/2018-save-the-world\/","og_site_name":"Ehrenvorsitzende Zahng Gil-jah","article_modified_time":"2024-06-20T00:50:30+00:00","og_image":[{"width":2560,"height":1600,"url":"https:\/\/zahnggiljah.com\/wp-content\/uploads\/2018\/10\/news_2018_forum01@2x-scaled.jpg","type":"image\/jpeg"}],"twitter_card":"summary_large_image","schema":{"@context":"https:\/\/schema.org","@graph":[{"@type":"WebPage","@id":"https:\/\/zahnggiljah.com\/de\/news\/2018-save-the-world\/","url":"https:\/\/zahnggiljah.com\/de\/news\/2018-save-the-world\/","name":"Das globale Forum \u201eSave the World\u201c 2018 - Ehrenvorsitzende Zahng Gil-jah","isPartOf":{"@id":"https:\/\/zahnggiljah.com\/de\/#website"},"primaryImageOfPage":{"@id":"https:\/\/zahnggiljah.com\/de\/news\/2018-save-the-world\/#primaryimage"},"image":{"@id":"https:\/\/zahnggiljah.com\/de\/news\/2018-save-the-world\/#primaryimage"},"thumbnailUrl":"https:\/\/zahnggiljah.com\/wp-content\/uploads\/2018\/10\/news_2018_forum01@2x-scaled.jpg","datePublished":"2018-10-31T00:00:53+00:00","dateModified":"2024-06-20T00:50:30+00:00","breadcrumb":{"@id":"https:\/\/zahnggiljah.com\/de\/news\/2018-save-the-world\/#breadcrumb"},"inLanguage":"de","potentialAction":[{"@type":"ReadAction","target":["https:\/\/zahnggiljah.com\/de\/news\/2018-save-the-world\/"]}]},{"@type":"ImageObject","inLanguage":"de","@id":"https:\/\/zahnggiljah.com\/de\/news\/2018-save-the-world\/#primaryimage","url":"https:\/\/zahnggiljah.com\/wp-content\/uploads\/2018\/10\/news_2018_forum01@2x-scaled.jpg","contentUrl":"https:\/\/zahnggiljah.com\/wp-content\/uploads\/2018\/10\/news_2018_forum01@2x-scaled.jpg","width":2560,"height":1600},{"@type":"BreadcrumbList","@id":"https:\/\/zahnggiljah.com\/de\/news\/2018-save-the-world\/#breadcrumb","itemListElement":[{"@type":"ListItem","position":1,"name":"Home","item":"https:\/\/zahnggiljah.com\/de\/"},{"@type":"ListItem","position":2,"name":"Das globale Forum \u201eSave the World\u201c 2018"}]},{"@type":"WebSite","@id":"https:\/\/zahnggiljah.com\/de\/#website","url":"https:\/\/zahnggiljah.com\/de\/","name":"\uc7a5\uae38\uc790 \uba85\uc608\ud68c\uc7a5","description":"\uacf5\uc2dd \uc6f9\uc0ac\uc774\ud2b8","potentialAction":[{"@type":"SearchAction","target":{"@type":"EntryPoint","urlTemplate":"https:\/\/zahnggiljah.com\/de\/?s={search_term_string}"},"query-input":{"@type":"PropertyValueSpecification","valueRequired":true,"valueName":"search_term_string"}}],"inLanguage":"de"}]}},"_links":{"self":[{"href":"https:\/\/zahnggiljah.com\/de\/wp-json\/wp\/v2\/news\/7254","targetHints":{"allow":["GET"]}}],"collection":[{"href":"https:\/\/zahnggiljah.com\/de\/wp-json\/wp\/v2\/news"}],"about":[{"href":"https:\/\/zahnggiljah.com\/de\/wp-json\/wp\/v2\/types\/news"}],"version-history":[{"count":2,"href":"https:\/\/zahnggiljah.com\/de\/wp-json\/wp\/v2\/news\/7254\/revisions"}],"predecessor-version":[{"id":7268,"href":"https:\/\/zahnggiljah.com\/de\/wp-json\/wp\/v2\/news\/7254\/revisions\/7268"}],"wp:featuredmedia":[{"embeddable":true,"href":"https:\/\/zahnggiljah.com\/de\/wp-json\/wp\/v2\/media\/7256"}],"wp:attachment":[{"href":"https:\/\/zahnggiljah.com\/de\/wp-json\/wp\/v2\/media?parent=7254"}],"wp:term":[{"taxonomy":"category","embeddable":true,"href":"https:\/\/zahnggiljah.com\/de\/wp-json\/wp\/v2\/categories?post=7254"},{"taxonomy":"post_tag","embeddable":true,"href":"https:\/\/zahnggiljah.com\/de\/wp-json\/wp\/v2\/tags?post=7254"}],"curies":[{"name":"wp","href":"https:\/\/api.w.org\/{rel}","templated":true}]}}